{"@context":"https:\/\/schema.org\/","@type":"CollectionPage","@id":"https:\/\/www.abart.sk\/moda\/#CollectionPage","headline":"M\u00f3da Category","description":"","url":"https:\/\/www.abart.sk\/moda\/","hasPart":[{"@type":"Article","@id":"https:\/\/www.abart.sk\/krasa-a-komfort-nerozlucna-dvojica\/","headline":"Kr\u00e1sa a komfort \u2013 nerozlu\u010dn\u00e1 dvojica","url":"https:\/\/www.abart.sk\/krasa-a-komfort-nerozlucna-dvojica\/","datePublished":"2019-11-10","dateModified":"2023-04-28","mainEntityOfPage":"https:\/\/www.abart.sk\/krasa-a-komfort-nerozlucna-dvojica\/","author":{"@type":"Person","@id":"https:\/\/www.abart.sk\/author\/#Person","name":"","url":"https:\/\/www.abart.sk\/author\/","identifier":1,"image":{"@type":"ImageObject","@id":"https:\/\/secure.gravatar.com\/avatar\/e5312f21b37eec0871f00feffaf403580ddf46c2d055479cc6723fb0100721f2?s=96&d=mm&r=g","url":"https:\/\/secure.gravatar.com\/avatar\/e5312f21b37eec0871f00feffaf403580ddf46c2d055479cc6723fb0100721f2?s=96&d=mm&r=g","height":96,"width":96}},"publisher":{"@type":"Organization","name":"abart.sk","logo":{"@type":"ImageObject","@id":"\/logo.png","url":"\/logo.png","width":600,"height":60}},"image":{"@type":"ImageObject","@id":"https:\/\/www.abart.sk\/wp-content\/uploads\/img_a302075_w16797_t1560436255.jpg","url":"https:\/\/www.abart.sk\/wp-content\/uploads\/img_a302075_w16797_t1560436255.jpg","height":0,"width":0},"keywords":null},{"@type":"Article","@id":"https:\/\/www.abart.sk\/tri-najhorucejsie-trendy-v-topankovej-mode-nadchadzajucej-sezony\/","headline":"Tri najhor\u00facej\u0161ie trendy v top\u00e1nkovej m\u00f3de nadch\u00e1dzaj\u00facej sez\u00f3ny","url":"https:\/\/www.abart.sk\/tri-najhorucejsie-trendy-v-topankovej-mode-nadchadzajucej-sezony\/","datePublished":"2019-10-17","dateModified":"2023-04-28","mainEntityOfPage":"https:\/\/www.abart.sk\/tri-najhorucejsie-trendy-v-topankovej-mode-nadchadzajucej-sezony\/","author":{"@type":"Person","@id":"https:\/\/www.abart.sk\/author\/#Person","name":"","url":"https:\/\/www.abart.sk\/author\/","identifier":1,"image":{"@type":"ImageObject","@id":"https:\/\/secure.gravatar.com\/avatar\/e5312f21b37eec0871f00feffaf403580ddf46c2d055479cc6723fb0100721f2?s=96&d=mm&r=g","url":"https:\/\/secure.gravatar.com\/avatar\/e5312f21b37eec0871f00feffaf403580ddf46c2d055479cc6723fb0100721f2?s=96&d=mm&r=g","height":96,"width":96}},"publisher":{"@type":"Organization","name":"abart.sk","logo":{"@type":"ImageObject","@id":"\/logo.png","url":"\/logo.png","width":600,"height":60}},"image":{"@type":"ImageObject","@id":"https:\/\/www.abart.sk\/wp-content\/uploads\/img_a307552_w16788_t1571851256.jpg","url":"https:\/\/www.abart.sk\/wp-content\/uploads\/img_a307552_w16788_t1571851256.jpg","height":0,"width":0},"keywords":null},{"@type":"Article","@id":"https:\/\/www.abart.sk\/preslo-kim-jej-kimono\/","headline":"Pre\u0161lo Kim \u201ejej\u201c Kimono?","url":"https:\/\/www.abart.sk\/preslo-kim-jej-kimono\/","datePublished":"2019-09-15","dateModified":"2023-04-28","mainEntityOfPage":"https:\/\/www.abart.sk\/preslo-kim-jej-kimono\/","author":{"@type":"Person","@id":"https:\/\/www.abart.sk\/author\/#Person","name":"","url":"https:\/\/www.abart.sk\/author\/","identifier":1,"image":{"@type":"ImageObject","@id":"https:\/\/secure.gravatar.com\/avatar\/e5312f21b37eec0871f00feffaf403580ddf46c2d055479cc6723fb0100721f2?s=96&d=mm&r=g","url":"https:\/\/secure.gravatar.com\/avatar\/e5312f21b37eec0871f00feffaf403580ddf46c2d055479cc6723fb0100721f2?s=96&d=mm&r=g","height":96,"width":96}},"publisher":{"@type":"Organization","name":"abart.sk","logo":{"@type":"ImageObject","@id":"\/logo.png","url":"\/logo.png","width":600,"height":60}},"image":{"@type":"ImageObject","@id":"https:\/\/www.abart.sk\/wp-content\/uploads\/img_a306491_w16788_t1568998251.jpg","url":"https:\/\/www.abart.sk\/wp-content\/uploads\/img_a306491_w16788_t1568998251.jpg","height":0,"width":0},"keywords":null},{"@type":"Article","@id":"https:\/\/www.abart.sk\/prehresky-ktore-uz-davno-opustili-svet-mody\/","headline":"Prehre\u0161ky, ktor\u00e9 u\u017e d\u00e1vno opustili svet m\u00f3dy","url":"https:\/\/www.abart.sk\/prehresky-ktore-uz-davno-opustili-svet-mody\/","datePublished":"2019-01-29","dateModified":"2023-04-28","mainEntityOfPage":"https:\/\/www.abart.sk\/prehresky-ktore-uz-davno-opustili-svet-mody\/","author":{"@type":"Person","@id":"https:\/\/www.abart.sk\/author\/#Person","name":"","url":"https:\/\/www.abart.sk\/author\/","identifier":1,"image":{"@type":"ImageObject","@id":"https:\/\/secure.gravatar.com\/avatar\/e5312f21b37eec0871f00feffaf403580ddf46c2d055479cc6723fb0100721f2?s=96&d=mm&r=g","url":"https:\/\/secure.gravatar.com\/avatar\/e5312f21b37eec0871f00feffaf403580ddf46c2d055479cc6723fb0100721f2?s=96&d=mm&r=g","height":96,"width":96}},"publisher":{"@type":"Organization","name":"abart.sk","logo":{"@type":"ImageObject","@id":"\/logo.png","url":"\/logo.png","width":600,"height":60}},"image":{"@type":"ImageObject","@id":"https:\/\/www.abart.sk\/wp-content\/uploads\/img_a298942_w16683_t1553881593.jpg","url":"https:\/\/www.abart.sk\/wp-content\/uploads\/img_a298942_w16683_t1553881593.jpg","height":0,"width":0},"keywords":null},{"@type":"Article","@id":"https:\/\/www.abart.sk\/nebojte-sa-vycnievat-z-radu-boho-look-sa-o-to-postara\/","headline":"Nebojte sa vy\u010dnieva\u0165 z radu. BOHO LOOK sa o to postar\u00e1.","url":"https:\/\/www.abart.sk\/nebojte-sa-vycnievat-z-radu-boho-look-sa-o-to-postara\/","datePublished":"2018-11-29","dateModified":"2023-04-28","mainEntityOfPage":"https:\/\/www.abart.sk\/nebojte-sa-vycnievat-z-radu-boho-look-sa-o-to-postara\/","author":{"@type":"Person","@id":"https:\/\/www.abart.sk\/author\/#Person","name":"","url":"https:\/\/www.abart.sk\/author\/","identifier":1,"image":{"@type":"ImageObject","@id":"https:\/\/secure.gravatar.com\/avatar\/e5312f21b37eec0871f00feffaf403580ddf46c2d055479cc6723fb0100721f2?s=96&d=mm&r=g","url":"https:\/\/secure.gravatar.com\/avatar\/e5312f21b37eec0871f00feffaf403580ddf46c2d055479cc6723fb0100721f2?s=96&d=mm&r=g","height":96,"width":96}},"publisher":{"@type":"Organization","name":"abart.sk","logo":{"@type":"ImageObject","@id":"\/logo.png","url":"\/logo.png","width":600,"height":60}},"image":{"@type":"ImageObject","@id":"https:\/\/www.abart.sk\/wp-content\/uploads\/img_a296181_w16788_t1548776517.jpg","url":"https:\/\/www.abart.sk\/wp-content\/uploads\/img_a296181_w16788_t1548776517.jpg","height":0,"width":0},"keywords":null},{"@type":"Article","@id":"https:\/\/www.abart.sk\/5-rad-ako-zakryt-kila-navyse\/","headline":"5 r\u00e1d ako zakry\u0165 kil\u00e1 navy\u0161e","url":"https:\/\/www.abart.sk\/5-rad-ako-zakryt-kila-navyse\/","datePublished":"2018-09-15","dateModified":"2023-04-28","mainEntityOfPage":"https:\/\/www.abart.sk\/5-rad-ako-zakryt-kila-navyse\/","author":{"@type":"Person","@id":"https:\/\/www.abart.sk\/author\/#Person","name":"","url":"https:\/\/www.abart.sk\/author\/","identifier":1,"image":{"@type":"ImageObject","@id":"https:\/\/secure.gravatar.com\/avatar\/e5312f21b37eec0871f00feffaf403580ddf46c2d055479cc6723fb0100721f2?s=96&d=mm&r=g","url":"https:\/\/secure.gravatar.com\/avatar\/e5312f21b37eec0871f00feffaf403580ddf46c2d055479cc6723fb0100721f2?s=96&d=mm&r=g","height":96,"width":96}},"publisher":{"@type":"Organization","name":"abart.sk","logo":{"@type":"ImageObject","@id":"\/logo.png","url":"\/logo.png","width":600,"height":60}},"image":{"@type":"ImageObject","@id":"https:\/\/www.abart.sk\/wp-content\/uploads\/img_a293423_w16503_t1542305716.jpg","url":"https:\/\/www.abart.sk\/wp-content\/uploads\/img_a293423_w16503_t1542305716.jpg","height":0,"width":0},"keywords":null},{"@type":"Article","@id":"https:\/\/www.abart.sk\/zlate-pravidla-pre-oblekanie-s-vasou-postavou\/","headline":"ZLAT\u00c9 PRAVIDL\u00c1 PRE OBLEKANIE S VA\u0160OU POSTAVOU","url":"https:\/\/www.abart.sk\/zlate-pravidla-pre-oblekanie-s-vasou-postavou\/","datePublished":"2018-04-05","dateModified":"2023-04-28","mainEntityOfPage":"https:\/\/www.abart.sk\/zlate-pravidla-pre-oblekanie-s-vasou-postavou\/","author":{"@type":"Person","@id":"https:\/\/www.abart.sk\/author\/#Person","name":"","url":"https:\/\/www.abart.sk\/author\/","identifier":1,"image":{"@type":"ImageObject","@id":"https:\/\/secure.gravatar.com\/avatar\/e5312f21b37eec0871f00feffaf403580ddf46c2d055479cc6723fb0100721f2?s=96&d=mm&r=g","url":"https:\/\/secure.gravatar.com\/avatar\/e5312f21b37eec0871f00feffaf403580ddf46c2d055479cc6723fb0100721f2?s=96&d=mm&r=g","height":96,"width":96}},"publisher":{"@type":"Organization","name":"abart.sk","logo":{"@type":"ImageObject","@id":"\/logo.png","url":"\/logo.png","width":600,"height":60}},"image":{"@type":"ImageObject","@id":"https:\/\/www.abart.sk\/wp-content\/uploads\/img_a288353_w16503_t1528213721.jpg","url":"https:\/\/www.abart.sk\/wp-content\/uploads\/img_a288353_w16503_t1528213721.jpg","height":0,"width":0},"keywords":null},{"@type":"Article","@id":"https:\/\/www.abart.sk\/moda-a-krasa-ake-su-trendy\/","headline":"M\u00f3da a kr\u00e1sa, ak\u00e9 s\u00fa trendy?","url":"https:\/\/www.abart.sk\/moda-a-krasa-ake-su-trendy\/","datePublished":"2017-10-29","dateModified":"2023-04-28","mainEntityOfPage":"https:\/\/www.abart.sk\/moda-a-krasa-ake-su-trendy\/","author":{"@type":"Person","@id":"https:\/\/www.abart.sk\/author\/#Person","name":"","url":"https:\/\/www.abart.sk\/author\/","identifier":1,"image":{"@type":"ImageObject","@id":"https:\/\/secure.gravatar.com\/avatar\/e5312f21b37eec0871f00feffaf403580ddf46c2d055479cc6723fb0100721f2?s=96&d=mm&r=g","url":"https:\/\/secure.gravatar.com\/avatar\/e5312f21b37eec0871f00feffaf403580ddf46c2d055479cc6723fb0100721f2?s=96&d=mm&r=g","height":96,"width":96}},"publisher":{"@type":"Organization","name":"abart.sk","logo":{"@type":"ImageObject","@id":"\/logo.png","url":"\/logo.png","width":600,"height":60}},"image":{"@type":"ImageObject","@id":"https:\/\/www.abart.sk\/wp-content\/uploads\/img_a284082_w16503_t1514570546.jpg","url":"https:\/\/www.abart.sk\/wp-content\/uploads\/img_a284082_w16503_t1514570546.jpg","height":0,"width":0},"keywords":null}]}