[{"@context":"https:\/\/schema.org\/","@type":"Article","@id":"https:\/\/www.abart.sk\/nova-klimatizacia-na-leto\/#Article","mainEntityOfPage":"https:\/\/www.abart.sk\/nova-klimatizacia-na-leto\/","headline":"Nov\u00e1 klimatiz\u00e1cia na leto","name":"Nov\u00e1 klimatiz\u00e1cia na leto","description":"Existuje v\u00f4bec nie\u010do praktickej\u0161ie a pr\u00edjemnej\u0161ie, ako pr\u00edjemn\u00e1 a spo\u013eahliv\u00e1 klimatiz\u00e1cia, na ktor\u00fa sa m\u00f4\u017eete kedyko\u013evek obr\u00e1ti\u0165 v pr\u00edpade, \u017ee je u v\u00e1s doma skuto\u010dne ve\u013ek\u00e9 horko a vy sa <a class=\"more-link\" href=\"https:\/\/www.abart.sk\/nova-klimatizacia-na-leto\/\">Pre\u010d\u00edta\u0165 ...<\/a>","datePublished":"2022-05-20","dateModified":"2024-04-14","author":{"@type":"Person","@id":"https:\/\/www.abart.sk\/author\/#Person","name":"","url":"https:\/\/www.abart.sk\/author\/","identifier":1,"image":{"@type":"ImageObject","@id":"https:\/\/secure.gravatar.com\/avatar\/e5312f21b37eec0871f00feffaf403580ddf46c2d055479cc6723fb0100721f2?s=96&d=mm&r=g","url":"https:\/\/secure.gravatar.com\/avatar\/e5312f21b37eec0871f00feffaf403580ddf46c2d055479cc6723fb0100721f2?s=96&d=mm&r=g","height":96,"width":96}},"publisher":{"@type":"Organization","name":"abart.sk","logo":{"@type":"ImageObject","@id":"\/logo.png","url":"\/logo.png","width":600,"height":60}},"image":{"@type":"ImageObject","@id":"https:\/\/www.abart.sk\/wp-content\/uploads\/pexels-photo-2877256_3.jpeg","url":"https:\/\/www.abart.sk\/wp-content\/uploads\/pexels-photo-2877256_3.jpeg","height":0,"width":0},"url":"https:\/\/www.abart.sk\/nova-klimatizacia-na-leto\/","about":["V\u00fdrobky"],"wordCount":513,"articleBody":"   Existuje v\u00f4bec nie\u010do praktickej\u0161ie a pr\u00edjemnej\u0161ie, ako pr\u00edjemn\u00e1 a spo\u013eahliv\u00e1 klimatiz\u00e1cia, na ktor\u00fa sa m\u00f4\u017eete kedyko\u013evek obr\u00e1ti\u0165 v pr\u00edpade, \u017ee je u v\u00e1s doma skuto\u010dne ve\u013ek\u00e9 horko a vy sa c\u00edtite naozaj kv\u00f4li tomu nepr\u00edjemne a ve\u013emi radi by ste d\u00fdchali pr\u00edjemn\u00fd a svie\u017ei vzduch aj po\u010das t\u00fdch najteplej\u0161\u00edch letn\u00fdch dn\u00ed a noci? Klimatiz\u00e1cia Bratislava vie by\u0165 skuto\u010dne ve\u013emi spo\u013eahlivou pom\u00f4ckou, ak si ani vy neviete poradi\u0165 po\u010das t\u00fdch najteplej\u0161\u00edch dn\u00ed, kedy dok\u00e1\u017ee by\u0165 po\u010dasie skuto\u010dne na nevydr\u017eanie, a vy sa c\u00edtite kv\u00f4li tomu ve\u013emi nesvoji a neviete, ako si poradi\u0165 a ako sa c\u00edti\u0165 naozaj pr\u00edjemne, ak je po\u010dasie pr\u00edli\u0161 tepl\u00e9 a vy nem\u00e1te k dispoz\u00edcii \u017eiadny baz\u00e9n alebo jednoducho mus\u00edte pracova\u0165.Leto je skuto\u010dne kr\u00e1sne obdobie, av\u0161ak v obdob\u00edm kedy mus\u00edme pracova\u0165 a nem\u00f4\u017eeme sa venova\u0165 typick\u00fdm, letn\u00fdm \u010dinnostiam, ako dovolenk\u00e1m a oddychu m\u00f4\u017ee by\u0165 ve\u013emi n\u00e1ro\u010dn\u00e9 s\u00fastredi\u0165 sa, ak sa nedok\u00e1\u017eeme s\u00fastredi\u0165 ani len na to, \u010do rob\u00edme kv\u00f4li neznesite\u013en\u00fdm teplot\u00e1m, ktor\u00e9 s\u00fa ve\u013emi \u010dasto sprievodn\u00fdm potom najm\u00e4 v letn\u00fdch mesiacoch na Slovensku, ale aj v okolit\u00fdch krajin\u00e1ch. Preto aj vy u v\u00e1s doma alebo v kancel\u00e1rii \u010dak\u00e1te na dni, kedy si budete m\u00f4c\u0165 u\u017e\u00edva\u0165 va\u0161a leto naplno dovolenkou a d\u0148ami str\u00e1ven\u00fdmi s va\u0161imi najbli\u017e\u0161\u00edmi, ur\u010dite by sa v\u00e1m prem\u00fd\u0161\u013ealo a pracovalo ove\u013ea lep\u0161ie v pr\u00edpade spolupr\u00e1ce klimatiz\u00e1cie, ktor\u00e1 v\u00e1m pom\u00f4\u017ee vyrovna\u0165 vzduch v miestnosti, \u010di u\u017e po\u010das d\u0148a alebo po\u010das noci. S kvalitnou klimatiz\u00e1ciou bude va\u0161a pracovn\u00e1 mor\u00e1lka a rovnako tak aj va\u0161e s\u00fastredenie podporen\u00e9, nako\u013eko sa budete m\u00f4c\u0165 te\u0161i\u0165 a budete ma\u0165 rovnako tak pocit, \u017ee v\u0161etko vych\u00e1dza presne tak, ako m\u00e1 pr\u00e1ca v\u00e1m p\u00f4jde ove\u013ea jednoduch\u0161ie a v\u00e1m v\u010faka tomu uplynie v\u00e1\u0161 \u010das ove\u013ea r\u00fdchlej\u0161ie, aby ste sa u\u017e onedlho mohli k\u00fapa\u0165 v baz\u00e9ne alebo si u\u017e\u00edva\u0165 va\u0161e letn\u00e9 dni presne pod\u013ea va\u0161ich predst\u00e1v, a nie pracovnou \u010dinnos\u0165ou. Aj napriek tomu, \u017ee sa toti\u017eto nach\u00e1dzame v pr\u00edli\u0161 vysok\u00fdch teplot\u00e1ch pr\u00e1ca je nie\u010do, \u010do jednoducho nepo\u010dk\u00e1 a preto aj napriek tomu, \u017ee je vonku pr\u00edli\u0161 teplo mus\u00edme vykon\u00e1va\u0165 svoje povinnosti na dennej b\u00e1ze a nem\u00f4\u017eeme ma\u0165 cel\u00e9 leto dovolenku a pr\u00e1ve v\u010faka tomu v\u00e1m pr\u00edjemnej\u0161ie pocitom a lep\u0161iemu s\u00fastredeniu aj po\u010das skuto\u010dne n\u00e1ro\u010dn\u00fdch tepl\u00f4t m\u00f4\u017ee dopom\u00f4c\u0165 pr\u00e1ve kvalitn\u00e1 klimatiz\u00e1cia.                                                                                                                                                                                                                                                                                                                                                                                          4.2\/5 - (9 votes)        "},{"@context":"https:\/\/schema.org\/","@type":"BreadcrumbList","itemListElement":[{"@type":"ListItem","position":1,"name":"Nov\u00e1 klimatiz\u00e1cia na leto","item":"https:\/\/www.abart.sk\/nova-klimatizacia-na-leto\/#breadcrumbitem"}]}]