[{"@context":"https:\/\/schema.org\/","@type":"Article","@id":"https:\/\/www.abart.sk\/prehresky-ktore-uz-davno-opustili-svet-mody\/#Article","mainEntityOfPage":"https:\/\/www.abart.sk\/prehresky-ktore-uz-davno-opustili-svet-mody\/","headline":"Prehre\u0161ky, ktor\u00e9 u\u017e d\u00e1vno opustili svet m\u00f3dy","name":"Prehre\u0161ky, ktor\u00e9 u\u017e d\u00e1vno opustili svet m\u00f3dy","description":"M\u00f3da je v\u0161ade, kam sa na\u0161e oko pozrie. Cel\u00fd svet je \u0148ou posadnut\u00fd a\u00a0cel\u00fd svet s\u00a0\u0148ou ka\u017edodenne kr\u00e1\u010da ruka v\u00a0ruke ako dvaja milenci. Je to t\u00e9ma, na ktor\u00fa sa pod\u013ea <a class=\"more-link\" href=\"https:\/\/www.abart.sk\/prehresky-ktore-uz-davno-opustili-svet-mody\/\">Pre\u010d\u00edta\u0165 ...<\/a>","datePublished":"2019-01-29","dateModified":"2023-04-28","author":{"@type":"Person","@id":"https:\/\/www.abart.sk\/author\/#Person","name":"","url":"https:\/\/www.abart.sk\/author\/","identifier":1,"image":{"@type":"ImageObject","@id":"https:\/\/secure.gravatar.com\/avatar\/e5312f21b37eec0871f00feffaf403580ddf46c2d055479cc6723fb0100721f2?s=96&d=mm&r=g","url":"https:\/\/secure.gravatar.com\/avatar\/e5312f21b37eec0871f00feffaf403580ddf46c2d055479cc6723fb0100721f2?s=96&d=mm&r=g","height":96,"width":96}},"publisher":{"@type":"Organization","name":"abart.sk","logo":{"@type":"ImageObject","@id":"\/logo.png","url":"\/logo.png","width":600,"height":60}},"image":{"@type":"ImageObject","@id":"https:\/\/www.abart.sk\/wp-content\/uploads\/img_a298942_w16683_t1553881593.jpg","url":"https:\/\/www.abart.sk\/wp-content\/uploads\/img_a298942_w16683_t1553881593.jpg","height":0,"width":0},"url":"https:\/\/www.abart.sk\/prehresky-ktore-uz-davno-opustili-svet-mody\/","about":["M\u00f3da"],"wordCount":408,"articleBody":"\tM\u00f3da je v\u0161ade, kam sa na\u0161e oko pozrie. Cel\u00fd svet je \u0148ou posadnut\u00fd a\u00a0cel\u00fd svet s\u00a0\u0148ou ka\u017edodenne kr\u00e1\u010da ruka v\u00a0ruke ako dvaja milenci. Je to t\u00e9ma, na ktor\u00fa sa pod\u013ea vedeck\u00fdch \u0161tatist\u00edk zaober\u00e1 viacej ne\u017e polovica popul\u00e1cie na svete. Ak chcete \u00eds\u0165 s\u00a0dobou, na tieto veci ur\u010dite zabudnite:\t\t\tTenk\u00e9 obo\u010dieMnoh\u00e9 diskusie tvrdia, \u017ee v\u00e4\u010d\u0161ina \u017eien na svoje obo\u010die v\u00a0poslednom \u010dase ned\u00e1 dopusti\u0165. Aj ke\u010f sa sna\u017eia si ho ka\u017ed\u00fd de\u0148 \u010do \u201enajlep\u0161ie\u201c nama\u013eova\u0165, niekedy stoj\u00ed v\u00fdsledn\u00fd efekt za posmech. Kedysi sa nosilo obo\u010die takmer vytrhan\u00e9,bolo extr\u00e9mne tenk\u00e9 a\u00a0ma\u013eovalo sa tmavou ceruzkou ako dlh\u00e1 \u010diara nad okom. Niektor\u00fdm \u017een\u00e1m tak\u00e9 pristalo, no dnes u\u017e v\u00a0m\u00f3de nie je \u2013 vyhnite sa mu! Narozdiel od tenk\u00e9ho obo\u010dia \u017eeny preferuj\u00fa hrub\u00e9 obo\u010die, ktor\u00e9 taktie\u017e ur\u010dite nie je tou spr\u00e1vnou vo\u013ebou. Najvhodnej\u0161ou alternat\u00edvou spomedzi v\u0161etk\u00fdch je ur\u010dite \u010do najprirodzenej\u0161ie alebo obo\u010die typu \u201eombr\u00e9\u201c. Je to \u0161peci\u00e1lne tvarovan\u00e9 obo\u010die, ktor\u00e9 je po\u010das cel\u00e9ho povrchu ch\u013apkov celkom vyplnen\u00e9 a\u00a0na za\u010diatku sa jeho intenzita zafarbenia zni\u017euje. Tie\u0148ovan\u00edm dosiahnete n\u00e1dhern\u00fd v\u00fdsledok.\t\tFarebn\u00e1 maskaraKa\u017ed\u00fd aspo\u0148 raz v\u00a0\u017eivote tento v\u00fddobytok na \u017eene uvidel a\u00a0nezdr\u017eal sa smiechu. Na fotk\u00e1ch celebr\u00edt, v\u00a0\u010dasopisoch a\u00a0u\u00a0modeliek sa s\u00a0\u0148ou stret\u00e1vame \u010dastou, ale ide len o\u00a0efektivitu fotky, nie idol alebo v\u00fdsledn\u00fa viz\u00e1\u017e hodiacu sa na be\u017en\u00e9 nosenie. Preto rad\u0161ej uvo\u013enite miesto vo va\u0161ej paletke farebn\u00fdch mask\u00e1r a\u00a0farebnos\u0165 nahra\u010fte klasikou. \u010dierna maskara vie riasy pekne pred\u013a\u017ei\u0165 a\u00a0docieli\u0165 ove\u013ea lep\u0161\u00ed \u0161t\u00fdl. Ak chcete ma\u0165 o\u010di zv\u00fdraznen\u00e9 inou farbou ako je \u010dierna, na svete je dos\u0165 tie\u0148ov na o\u010di,ktor\u00e9 va\u0161u potrebu zaru\u010dene uspokoja.\t\t\u010cerven\u00e1 l\u00edcenka\u010cerven\u00e1 l\u00edcenka alebo \u201ena Marfu\u0161ku\u201c \u2013 to je nie\u010do, \u010do naozaj nechcete. Ru\u017eov\u00e9 alebo \u010derven\u00e9 l\u00ed\u010dka m\u00f4\u017eete ma\u0165 zo zimy alebo z\u00a0rann\u00e9ho behu, nie v\u0161ak z\u00a0kozmetiky. Mejkap dosahuje svoj zenit, a\u00a0tak je na \u010dase za\u010da\u0165 s\u00a0kont\u00farovan\u00edm tv\u00e1re. Pou\u017e\u00edvajte rad\u0161ej viacej druhov mejkapu na zvidite\u013enenie l\u00edcnych kost\u00ed a\u00a0z\u00fa\u017eenie nosa.                                                                                                                                                                                                                                                                                                                                                                                        4.4\/5 - (5 votes)        "},{"@context":"https:\/\/schema.org\/","@type":"BreadcrumbList","itemListElement":[{"@type":"ListItem","position":1,"name":"Prehre\u0161ky, ktor\u00e9 u\u017e d\u00e1vno opustili svet m\u00f3dy","item":"https:\/\/www.abart.sk\/prehresky-ktore-uz-davno-opustili-svet-mody\/#breadcrumbitem"}]}]