[{"@context":"https:\/\/schema.org\/","@type":"Article","@id":"https:\/\/www.abart.sk\/preslo-kim-jej-kimono\/#Article","mainEntityOfPage":"https:\/\/www.abart.sk\/preslo-kim-jej-kimono\/","headline":"Pre\u0161lo Kim \u201ejej\u201c Kimono?","name":"Pre\u0161lo Kim \u201ejej\u201c Kimono?","description":"Dostalo sa k v\u00e1m, \u017ee jedna zo sestier, ktor\u00e9 kra\u013euj\u00fa soci\u00e1lnym sie\u0165am mala v pl\u00e1ne zalo\u017ei\u0165 zna\u010dku spodnej bielizne s n\u00e1zvom Kimono? \u010co to vypoved\u00e1 o na\u0161ej spolo\u010dnosti? Ako sa <a class=\"more-link\" href=\"https:\/\/www.abart.sk\/preslo-kim-jej-kimono\/\">Pre\u010d\u00edta\u0165 ...<\/a>","datePublished":"2019-09-15","dateModified":"2023-04-28","author":{"@type":"Person","@id":"https:\/\/www.abart.sk\/author\/#Person","name":"","url":"https:\/\/www.abart.sk\/author\/","identifier":1,"image":{"@type":"ImageObject","@id":"https:\/\/secure.gravatar.com\/avatar\/e5312f21b37eec0871f00feffaf403580ddf46c2d055479cc6723fb0100721f2?s=96&d=mm&r=g","url":"https:\/\/secure.gravatar.com\/avatar\/e5312f21b37eec0871f00feffaf403580ddf46c2d055479cc6723fb0100721f2?s=96&d=mm&r=g","height":96,"width":96}},"publisher":{"@type":"Organization","name":"abart.sk","logo":{"@type":"ImageObject","@id":"\/logo.png","url":"\/logo.png","width":600,"height":60}},"image":{"@type":"ImageObject","@id":"https:\/\/www.abart.sk\/wp-content\/uploads\/img_a306491_w16788_t1568998251.jpg","url":"https:\/\/www.abart.sk\/wp-content\/uploads\/img_a306491_w16788_t1568998251.jpg","height":0,"width":0},"url":"https:\/\/www.abart.sk\/preslo-kim-jej-kimono\/","about":["M\u00f3da"],"wordCount":395,"articleBody":"Dostalo sa k v\u00e1m, \u017ee jedna zo sestier, ktor\u00e9 kra\u013euj\u00fa soci\u00e1lnym sie\u0165am mala v pl\u00e1ne zalo\u017ei\u0165 zna\u010dku spodnej bielizne s n\u00e1zvom Kimono? \u010co to vypoved\u00e1 o na\u0161ej spolo\u010dnosti? Ako sa k tomu postavili \u013eudia, pre ktor\u00fdch je kimono kult\u00farne dedi\u010dstvo?\u00a0\u00a0Nie je to po prv\u00fd kr\u00e1t, \u010do vo svete m\u00f3dy tak\u00e1 situ\u00e1cia nastala. U\u017e viackr\u00e1t sa prevalili \u0161kand\u00e1ly, ktor\u00e9 uk\u00e1zali pravdu, kde ve\u013ek\u00e9 zna\u010dky skuto\u010dne ber\u00fa svoje n\u00e1pady. Najhor\u0161ie je, \u017ee \u010dasto ide o chudobn\u00e9 krajiny, ktor\u00e9 z mili\u00f3nov\u00e9ho zisku neuvidia ani halier. Mnoh\u00fdch \u013eud\u00ed, tento krok pob\u00faril a ber\u00fa to ako zne\u00factenie japonskej kult\u00fary.\u00a0Kim sa vyjadrila, \u017ee je to projekt, ktor\u00fd pripravuje viac ako rok a t\u00e9ma s\u0165ahuj\u00faceho spodn\u00e9ho pr\u00e1dla je jej v\u00e1\u0161\u0148ou u\u017e viac ako 15 rokov. Zna\u010dka s\u013eubuje, \u017ee ide o tvaruj\u00facu bielize\u0148 a s\u013eubuje kvalitu. Ale nevyhla sa ani nes\u00fahlasu zo strany Japoncov. Kimono je ich n\u00e1rodn\u00fd sl\u00e1vnostn\u00fd odev. Argumentuj\u00fa aj t\u00fdm, \u017ee jej kimono, nem\u00e1 s p\u00f4vodn\u00fdm ni\u010d spolo\u010dn\u00e9. Niektor\u00ed \u013eudia maj\u00fa probl\u00e9m aj s t\u00fdm, \u017ee sa\u00a0 pojem kimono bude sp\u00e1ja\u0165 s Kim. Ka\u017edop\u00e1dne cel\u00e1 situ\u00e1cia vyvolala vo svete r\u00f4zne reakcie, pravdupovediac viac negat\u00edvne ne\u017e pozit\u00edvne.\u00a0Ot\u00e1zkou je, \u010di by sa jej podarilo zap\u00edsa\u0165 kimono pod svoj\u00edm menom. O t\u00fato vec sa sna\u017eilo p\u00e1r spolo\u010dnost\u00ed a nepre\u0161lo im to. Pravdou je, \u017ee Kim sa nepok\u00fa\u0161ala zap\u00edsa\u0165 si slovo kimono, ale jeho upraven\u00fa verziu a spojenie s in\u00fdmi slovami. Je v\u00f4bec spr\u00e1vne, aby sa tento v\u00fdraz sp\u00e1jal so spodnou bieliz\u0148ou, ke\u010f s \u0148ou nem\u00e1 ni\u010d spolo\u010dn\u00e9? Ani strih, l\u00e1tku a ani dizajn.\u00a0Nakoniec sa\u00a0 Kim rozhodla aj pre tlak zo strany verejnosti zna\u010dku premenova\u0165 pod n\u00e1zvom Skims Solution wear. Na svojich soci\u00e1lnych sie\u0165ach nap\u00edsala, \u017ee ju k tomu in\u0161pirovali jej fan\u00fa\u0161ikovia.\u00a0Mo\u017eno sa mus\u00edme ako spolo\u010dnos\u0165 viac zamyslie\u0165 nad t\u00fdm, kam a\u017e sa d\u00e1 z\u00e1js\u0165 v r\u00e1mci osobn\u00e9ho vlastn\u00edctva. Aj ke\u010f ide len o vlastnenie slova ako zna\u010dky.                                                                                                                                                                                                                                                                                                                                                                                        4.7\/5 - (4 votes)        "},{"@context":"https:\/\/schema.org\/","@type":"BreadcrumbList","itemListElement":[{"@type":"ListItem","position":1,"name":"Pre\u0161lo Kim \u201ejej\u201c Kimono?","item":"https:\/\/www.abart.sk\/preslo-kim-jej-kimono\/#breadcrumbitem"}]}]