[{"@context":"https:\/\/schema.org\/","@type":"Article","@id":"https:\/\/www.abart.sk\/s-akou-taskou-chodite\/#Article","mainEntityOfPage":"https:\/\/www.abart.sk\/s-akou-taskou-chodite\/","headline":"S akou ta\u0161kou chod\u00edte?","name":"S akou ta\u0161kou chod\u00edte?","description":"Mnoho z n\u00e1s vie, \u017ee \u017eensk\u00e1 kabelka je viac ako \u0161pecifick\u00e1. \u010casto si v nej nos\u00edme polku \u017eivota so sebou. Je to na\u0161a najlep\u0161ia kamo\u0161ka, ale aj najv\u00e4\u010d\u0161\u00ed nepriate\u013e, ke\u010f <a class=\"more-link\" href=\"https:\/\/www.abart.sk\/s-akou-taskou-chodite\/\">Pre\u010d\u00edta\u0165 ...<\/a>","datePublished":"2018-09-27","dateModified":"2023-04-28","author":{"@type":"Person","@id":"https:\/\/www.abart.sk\/author\/#Person","name":"","url":"https:\/\/www.abart.sk\/author\/","identifier":1,"image":{"@type":"ImageObject","@id":"https:\/\/secure.gravatar.com\/avatar\/e5312f21b37eec0871f00feffaf403580ddf46c2d055479cc6723fb0100721f2?s=96&d=mm&r=g","url":"https:\/\/secure.gravatar.com\/avatar\/e5312f21b37eec0871f00feffaf403580ddf46c2d055479cc6723fb0100721f2?s=96&d=mm&r=g","height":96,"width":96}},"publisher":{"@type":"Organization","name":"abart.sk","logo":{"@type":"ImageObject","@id":"\/logo.png","url":"\/logo.png","width":600,"height":60}},"image":{"@type":"ImageObject","@id":"https:\/\/www.abart.sk\/wp-content\/uploads\/img_a293933_w16681_t1543340001.jpg","url":"https:\/\/www.abart.sk\/wp-content\/uploads\/img_a293933_w16681_t1543340001.jpg","height":0,"width":0},"url":"https:\/\/www.abart.sk\/s-akou-taskou-chodite\/","wordCount":416,"articleBody":"Mnoho z n\u00e1s vie, \u017ee \u017eensk\u00e1 kabelka je viac ako \u0161pecifick\u00e1. \u010casto si v nej nos\u00edme polku \u017eivota so sebou. Je to na\u0161a najlep\u0161ia kamo\u0161ka, ale aj najv\u00e4\u010d\u0161\u00ed nepriate\u013e, ke\u010f v nej p\u00e4tn\u00e1s\u0165 min\u00fat nie\u010do h\u013ead\u00e1me. Ak\u00e9 s\u00fa najnov\u0161ie trendy, a s \u010d\u00edm rozhodne nebudete mimo?Cross body Kabelka, ktor\u00e1 bola v\u017edy ve\u013emi ob\u013e\u00faben\u00e1 je v m\u00f3de aj dnes. Pri tom nemus\u00edte osta\u0165 pri nudn\u00fdch variantoch. Ta\u0161ka cez plece, alebo v preklade cez telo je dnes tak popul\u00e1rna, \u017ee si vysl\u00fa\u017eila aj pozornos\u0165 m\u00f3dnych n\u00e1vrh\u00e1rov a kr\u00e1sne v\u00fd\u0161ivky \u010di etnick\u00e9 vzory s\u00fa pre \u0148u prirodzen\u00e9. Navy\u0161e boho \u0161t\u00fdl je trendy u\u017e nejak\u00fd ten \u010das a na \u00fastup sa nechyst\u00e1.Ste za klasick\u00fa? T\u00e1 klasick\u00e1, na plece, zostala nezmenen\u00e1. Aj na nej m\u00f4\u017eeme kde tu vidie\u0165 vzory a v\u00fd\u0161ivky, no \u010dasto ost\u00e1va vern\u00e1 svojej funk\u010dnosti a jednoduchosti. V m\u00f3de s\u00fa kvalitne opracovan\u00e9 ko\u017een\u00e9 kabelky, v r\u00f4znych farb\u00e1ch. Pr\u00edm hraj\u00fa zemsk\u00e9 odtiene v jesenn\u00fdch t\u00f3noch ako zelen\u00e1 alebo oran\u017eov\u00e1. Kontrasty na kabelk\u00e1ch s\u00fa tie\u017e in, av\u0161ak nie s\u00fa tak ve\u013emi ob\u013e\u00faben\u00e9 ako zau\u017e\u00edvan\u00e1 \u010dierna, siv\u00e1 a hned\u00e1. Ozvl\u00e1\u0161tnenie do nov\u00fdch modelov prin\u00e1\u0161aj\u00fa leskl\u00e9 a trblietav\u00e9 povrchy.Od\u013eah\u010dite svoj chrb\u00e1t Ak ste za praktick\u00fa \u017eenu a ste toho n\u00e1zoru, aby kabelka plnila hlavne to, na \u010do je ur\u010den\u00e1, ur\u010dite u\u017e m\u00e1te doma v skrini batoh. Nejak\u00fd ten rok s\u00fa na sc\u00e9ne aj m\u00f3dne k\u00fasky, ktor\u00e9 ani z\u010faleka nepripom\u00ednaj\u00fa ta\u0161ky z va\u0161ich \u0161kolsk\u00fdch \u010dias. Preto nev\u00e1hajte a investujte aj do drah\u0161ieho k\u00fasku. N\u00e1vrh\u00e1ri sa pri v\u00fdrobe \u010dasto odvia\u017eu, preto samotn\u00fd batoh predstavuje kr\u00e1sny a pozoruhodn\u00fd m\u00f3dny doplnok s praktick\u00fdm vyu\u017eit\u00edm.\u013dadvinka Neskuto\u010dn\u00e9 sa stalo skuto\u010dnos\u0165ou. Mo\u017eno sa to v\u00e1m zd\u00e1 bl\u00e1zniv\u00e9 alebo ste sa pote\u0161ili. Tu m\u00f4\u017eete patri\u0165 len do dvoch kateg\u00f3rii. Bu\u010f ju milujete alebo nen\u00e1vid\u00edte. Aj teraz v\u0161ak po\u010d\u00edtajte s kvalitn\u00fdm vyhotoven\u00edm a trendy k\u00faskami, ktor\u00e9 ani z\u010faleka nepripom\u00ednaj\u00fa farebne kri\u010diace \u013eadvinky minul\u00e9ho storo\u010dia. Nikdy neviete, \u010di sa s \u0148ou nabud\u00face nevyberiete beha\u0165 alebo len tak na prech\u00e1dzku.                                                                                                                                                                                                                                                                                                                                                                                        4.5\/5 - (8 votes)        "},{"@context":"https:\/\/schema.org\/","@type":"BreadcrumbList","itemListElement":[{"@type":"ListItem","position":1,"name":"S akou ta\u0161kou chod\u00edte?","item":"https:\/\/www.abart.sk\/s-akou-taskou-chodite\/#breadcrumbitem"}]}]