[{"@context":"https:\/\/schema.org\/","@type":"Article","@id":"https:\/\/www.abart.sk\/vyrobky-z-masa-ano-alebo-nie\/#Article","mainEntityOfPage":"https:\/\/www.abart.sk\/vyrobky-z-masa-ano-alebo-nie\/","headline":"V\u00fdrobky z m\u00e4sa: \u00e1no alebo nie?","name":"V\u00fdrobky z m\u00e4sa: \u00e1no alebo nie?","description":"V\u00fdrobky z\u00a0m\u00e4sa s\u00fa dnes u\u017e samozrejmos\u0165ou. V\u00a0obchodoch n\u00e1jdete takmer v\u0161etko od r\u00f4znych \u0161uniek, sal\u00e1m, klob\u00e1s, p\u00e1rok a\u017e po m\u00e4so r\u00f4zneho druhu. Kedysi v\u00a0minulosti sa jedlo m\u00e4so menej ako v\u00a0s\u00fa\u010dasnej dobe. <a class=\"more-link\" href=\"https:\/\/www.abart.sk\/vyrobky-z-masa-ano-alebo-nie\/\">Pre\u010d\u00edta\u0165 ...<\/a>","datePublished":"2019-09-02","dateModified":"2023-04-28","author":{"@type":"Person","@id":"https:\/\/www.abart.sk\/author\/#Person","name":"","url":"https:\/\/www.abart.sk\/author\/","identifier":1,"image":{"@type":"ImageObject","@id":"https:\/\/secure.gravatar.com\/avatar\/e5312f21b37eec0871f00feffaf403580ddf46c2d055479cc6723fb0100721f2?s=96&d=mm&r=g","url":"https:\/\/secure.gravatar.com\/avatar\/e5312f21b37eec0871f00feffaf403580ddf46c2d055479cc6723fb0100721f2?s=96&d=mm&r=g","height":96,"width":96}},"publisher":{"@type":"Organization","name":"abart.sk","logo":{"@type":"ImageObject","@id":"\/logo.png","url":"\/logo.png","width":600,"height":60}},"image":{"@type":"ImageObject","@id":"https:\/\/www.abart.sk\/wp-content\/uploads\/img_a306557_w16788_t1569056940.jpg","url":"https:\/\/www.abart.sk\/wp-content\/uploads\/img_a306557_w16788_t1569056940.jpg","height":0,"width":0},"url":"https:\/\/www.abart.sk\/vyrobky-z-masa-ano-alebo-nie\/","about":["V\u00fdrobky"],"wordCount":449,"articleBody":"V\u00fdrobky z\u00a0m\u00e4sa s\u00fa dnes u\u017e samozrejmos\u0165ou. V\u00a0obchodoch n\u00e1jdete takmer v\u0161etko od r\u00f4znych \u0161uniek, sal\u00e1m, klob\u00e1s, p\u00e1rok a\u017e po m\u00e4so r\u00f4zneho druhu. Kedysi v\u00a0minulosti sa jedlo m\u00e4so menej ako v\u00a0s\u00fa\u010dasnej dobe. Platilo, \u017ee na dedin\u00e1ch ka\u017ed\u00fd nie\u010do choval a\u00a0n\u00e1sledne im napr\u00edklad m\u00e4so z\u00a0prasiatka vydr\u017ealo aj rok pre cel\u00fa rodinu. No dnes? Dnes je takmer samozrejmos\u0165ou, \u017ee \u010dlovek si dopraje m\u00e4so ka\u017ed\u00fd de\u0148. \u010ci je to zdrav\u00e9 nech\u00e1me pos\u00fadi\u0165 odborn\u00edkov. \u010co sa v\u0161ak naozaj stane, ak tieto v\u00fdrobky obmedz\u00edte?Zlep\u0161\u00ed sa v\u00e1m ple\u0165 a\u00a0schudnete. Nesrandujeme! Mo\u017eno to neplat\u00ed na ka\u017ed\u00e9ho, ale my sme na ist\u00fd \u010das tento experiment sk\u00fasili. Bolo to sk\u00f4r z\u00a0d\u00f4vodu, \u017ee n\u00e1s tr\u00e1pili \u017eal\u00fado\u010dn\u00e9 probl\u00e9my, a\u00a0preto bol tento krok ako jeden z\u00a0mo\u017enost\u00ed ako zlep\u0161i\u0165 svoje zdravie. Okrem lep\u0161ieho tr\u00e1venia n\u00e1s \u010dakala lep\u0161ia ple\u0165 a\u00a0bonus v\u00a0podan\u00ed kraj\u0161ej postavy. Samozrejme, \u017ee sme m\u00e4so \u00faplne nevyl\u00fa\u010dili. Iba sme ho jedli menej a\u00a0to jedenkr\u00e1t do t\u00fd\u017ed\u0148a. Mysl\u00edme si toti\u017e, \u017ee m\u00e4so je pre telo d\u00f4le\u017eit\u00e9 a\u00a0vyl\u00fa\u010di\u0165 ho \u00faplne znamen\u00e1 nahradi\u0165 ho in\u00fdmi potravinami a\u00a0d\u00f4sledne si v\u0161etko na\u0161tudova\u0165, aby telu nech\u00fdbali \u017eiadne miner\u00e1ly. Sme, samozrejme, otvoren\u00ed i\u00a0mo\u017enosti vegetari\u00e1nstva a\u00a0veg\u00e1nstva a\u00a0nevylu\u010dujeme, \u017ee mo\u017eno raz dospejeme i\u00a0k\u00a0tejto forme. O\u00a0tom v\u0161ak inokedy.Okrem lep\u0161ieho tr\u00e1venia sme trochu u\u0161etrili. M\u00e4so je pomerne drah\u00e1 z\u00e1le\u017eitos\u0165. Najm\u00e4 \u0161tudenti si t\u00fato vec uvedomia, ke\u010f za\u010dn\u00fa preferova\u0165 rastlinn\u00fa stravu. M\u00e4so je toti\u017e jedno z\u00a0najdrah\u0161\u00edch polo\u017eiek \u010do sa t\u00fdka potrav\u00edn.Okrem toho n\u00e1m akosi prirodzene prestali chuti\u0165 p\u00e1rky a\u00a0nekvalitn\u00e1 \u0161unka. Naozaj sme si za\u010dali vybera\u0165 kvalitnej\u0161ie suroviny. Okrem toho sme sa c\u00edtili lep\u0161ie, \u017ee zbyto\u010dne nie sme to\u013eko zahlten\u00ed m\u00e4som a\u00a0m\u00e1me cit aj vo\u010di zvierat\u00e1m.V\u00fdrobkom z\u00a0m\u00e4sa, samozrejme, nie sme \u00faplne uzavret\u00ed. D\u00e1me si ich, ke\u010f m\u00e1me chu\u0165. Kto by predsa odolal chutnej opekanej \u0161pek\u00e1\u010dke? No m\u00f4\u017eeme poveda\u0165, \u017ee kvalita \u017eivota sa n\u00e1m rap\u00eddne zlep\u0161ila. Mo\u017eno naozaj netreba so v\u0161etk\u00fdm jedlom to\u013eko preh\u00e1\u0148a\u0165 a\u00a0treba jes\u0165 zdravo a\u00a0vyv\u00e1\u017eene. Odpove\u010f ale na na\u0161u ot\u00e1zku znie, v\u00fdrobkom teda \u00e1no, ale v\u00a0zdravej miere!                                                                                                                                                                                                                                                                                                                                                                                        3.5\/5 - (11 votes)        "},{"@context":"https:\/\/schema.org\/","@type":"BreadcrumbList","itemListElement":[{"@type":"ListItem","position":1,"name":"V\u00fdrobky z m\u00e4sa: \u00e1no alebo nie?","item":"https:\/\/www.abart.sk\/vyrobky-z-masa-ano-alebo-nie\/#breadcrumbitem"}]}]